{"id":457,"date":"2025-10-25T08:15:37","date_gmt":"2025-10-25T08:15:37","guid":{"rendered":"https:\/\/okoinfo.rs\/?p=457"},"modified":"2025-11-24T08:17:05","modified_gmt":"2025-11-24T08:17:05","slug":"nastavljaju-se-dani-debeljace-svi-su-dobrodosli-da-probaju-tradicionalni-fontos-kolac","status":"publish","type":"post","link":"https:\/\/okoinfo.rs\/?p=457","title":{"rendered":"Nastavljaju se Dani Debelja\u010de &#8211; svi su dobrodo\u0161li da probaju tradicionalni fonto\u0161 kola\u010d"},"content":{"rendered":"\n<p><strong>Svi me\u0161tani i posetioci dobrodo\u0161li su u petak 26. septembra u 12h ispred Mesne zajednice, gde \u0107e se nastaviti proslava \u201cDani Debelja\u010de\u201d. U slu\u010daju lo\u0161eg vremena program \u0107e biti odr\u017ean u sali Mesne zajednice.<\/strong><\/p>\n\n\n\n<p>\u010clanovi Ma\u0111arskog kulturno-umetni\u010dkog centra iz Debelja\u010de besplatno \u0107e u petak, 26. septembra, deliti \u201cfonto\u0161 kola\u010d\u201d, poznatu ma\u0111arsku svadbarsku poslasticu, uz muziku i pesmu, prikazuju\u0107i obi\u010daje i tradiciju iz davnih vremena, kada je fonto\u0161 bio nezaobilazan deo svake pozivnice za ma\u0111arsku svadbu. U programu u\u010destvuje i folklor Doma kulture \u201eJo\u017eef Atila\u201c. Ovaj doga\u0111aj po\u010dinje u 12h ispred zgrade Mesne zajednice u Debelja\u010di. Pri\u010de vezane za fonto\u0161 su posebne: svadbe su se nekada odr\u017eavale subotom, sedam dana ranije su se slale pozivnice i trajale pripreme, a \u010detvrtak je bio dan posve\u0107en pravljenju fonto\u0161a. Ma\u0111arski kulturno-umetni\u010dki centar ve\u0107 godinama aktivno radi na o\u010duvanju kulture, tradicije i obi\u010daja svog mesta a pripremom tradicionalnog fonto\u0161a na najlep\u0161i na\u010din spaja gastronomiju i o\u010duvanje nasle\u0111a.<\/p>\n","protected":false},"excerpt":{"rendered":"<p>Svi me\u0161tani i posetioci dobrodo\u0161li su u petak 26. septembra u 12h ispred Mesne zajednice, gde \u0107e se<\/p>\n","protected":false},"author":1,"featured_media":0,"comment_status":"closed","ping_status":"closed","sticky":false,"template":"","format":"standard","meta":{"footnotes":""},"categories":[26],"tags":[],"class_list":["post-457","post","type-post","status-publish","format-standard","hentry","category-debeljaca"],"_links":{"self":[{"href":"https:\/\/okoinfo.rs\/index.php?rest_route=\/wp\/v2\/posts\/457","targetHints":{"allow":["GET"]}}],"collection":[{"href":"https:\/\/okoinfo.rs\/index.php?rest_route=\/wp\/v2\/posts"}],"about":[{"href":"https:\/\/okoinfo.rs\/index.php?rest_route=\/wp\/v2\/types\/post"}],"author":[{"embeddable":true,"href":"https:\/\/okoinfo.rs\/index.php?rest_route=\/wp\/v2\/users\/1"}],"replies":[{"embeddable":true,"href":"https:\/\/okoinfo.rs\/index.php?rest_route=%2Fwp%2Fv2%2Fcomments&post=457"}],"version-history":[{"count":1,"href":"https:\/\/okoinfo.rs\/index.php?rest_route=\/wp\/v2\/posts\/457\/revisions"}],"predecessor-version":[{"id":458,"href":"https:\/\/okoinfo.rs\/index.php?rest_route=\/wp\/v2\/posts\/457\/revisions\/458"}],"wp:attachment":[{"href":"https:\/\/okoinfo.rs\/index.php?rest_route=%2Fwp%2Fv2%2Fmedia&parent=457"}],"wp:term":[{"taxonomy":"category","embeddable":true,"href":"https:\/\/okoinfo.rs\/index.php?rest_route=%2Fwp%2Fv2%2Fcategories&post=457"},{"taxonomy":"post_tag","embeddable":true,"href":"https:\/\/okoinfo.rs\/index.php?rest_route=%2Fwp%2Fv2%2Ftags&post=457"}],"curies":[{"name":"wp","href":"https:\/\/api.w.org\/{rel}","templated":true}]}}