{"id":440,"date":"2025-10-16T08:03:39","date_gmt":"2025-10-16T08:03:39","guid":{"rendered":"https:\/\/okoinfo.rs\/?p=440"},"modified":"2025-11-24T08:05:59","modified_gmt":"2025-11-24T08:05:59","slug":"odrzan-deciji-vasar-u-kovacici","status":"publish","type":"post","link":"https:\/\/okoinfo.rs\/?p=440","title":{"rendered":"Odr\u017ean de\u010diji va\u0161ar u Kova\u010dici"},"content":{"rendered":"\n<p>Povodom De\u010dije nedelje, koja se tradicionalno obele\u017eava pod sloganom \u201eImam prava da se igram, da se smejem, ma\u0161tam, stvaram i u bolji svet pretvaram\u201d, u op\u0161tini Kova\u010dica organizovane su brojne aktivnosti posve\u0107ene najmla\u0111ima. Jedna od najpose\u0107enijih bila je de\u010diji va\u0161ar, odr\u017ean 12. oktobra u Kova\u010dici, koji je ve\u0107 postao tradicija i omiljena manifestacija me\u0111u decom i roditeljima. Na va\u0161aru su mali\u0161ani iz Osnovne \u0161kole &#8220;Mlada pokolenja&#8221;, uz podr\u0161ku svojih roditelja, predstavili bogatstvo de\u010dje ma\u0161te i stvarala\u0161tva kroz raznovrsne \u0161tandove sa slanim i slatkim \u0111akonijama, napicima, igra\u010dkama i ru\u010dnim radovima. Posebnu pa\u017enju privukli su njihovi unikatni ukrasi, miri\u0161ljave sve\u0107ice, komadi nakita i mnogi drugi kreativni proizvodi, koji su pokazali koliko su deca talentovana i ma\u0161tovita. Pored Kova\u010dice, de\u010diji va\u0161ari su prethodne nedelje odr\u017eani i u drugim mestima \u0161irom op\u0161tine, \u010dime je na lep i sve\u010dan na\u010din zaokru\u017eeno obele\u017eavanje De\u010dije nedelje.<\/p>\n\n\n\n<figure class=\"wp-block-embed is-type-video is-provider-youtube wp-block-embed-youtube wp-embed-aspect-16-9 wp-has-aspect-ratio\"><div class=\"wp-block-embed__wrapper\">\n<iframe loading=\"lazy\" title=\"Odr\u017ean de\u010diji va\u0161ar u Kova\u010dici\" width=\"640\" height=\"360\" src=\"https:\/\/www.youtube.com\/embed\/M67r2uHc0CE?feature=oembed\" frameborder=\"0\" allow=\"accelerometer; autoplay; clipboard-write; encrypted-media; gyroscope; picture-in-picture; web-share\" referrerpolicy=\"strict-origin-when-cross-origin\" allowfullscreen><\/iframe>\n<\/div><\/figure>\n","protected":false},"excerpt":{"rendered":"<p>Povodom De\u010dije nedelje, koja se tradicionalno obele\u017eava pod sloganom \u201eImam prava da se igram, da se smejem, ma\u0161tam,<\/p>\n","protected":false},"author":1,"featured_media":0,"comment_status":"closed","ping_status":"closed","sticky":false,"template":"","format":"standard","meta":{"footnotes":""},"categories":[7,27],"tags":[],"class_list":["post-440","post","type-post","status-publish","format-standard","hentry","category-drustvo","category-kovacica"],"_links":{"self":[{"href":"https:\/\/okoinfo.rs\/index.php?rest_route=\/wp\/v2\/posts\/440","targetHints":{"allow":["GET"]}}],"collection":[{"href":"https:\/\/okoinfo.rs\/index.php?rest_route=\/wp\/v2\/posts"}],"about":[{"href":"https:\/\/okoinfo.rs\/index.php?rest_route=\/wp\/v2\/types\/post"}],"author":[{"embeddable":true,"href":"https:\/\/okoinfo.rs\/index.php?rest_route=\/wp\/v2\/users\/1"}],"replies":[{"embeddable":true,"href":"https:\/\/okoinfo.rs\/index.php?rest_route=%2Fwp%2Fv2%2Fcomments&post=440"}],"version-history":[{"count":1,"href":"https:\/\/okoinfo.rs\/index.php?rest_route=\/wp\/v2\/posts\/440\/revisions"}],"predecessor-version":[{"id":441,"href":"https:\/\/okoinfo.rs\/index.php?rest_route=\/wp\/v2\/posts\/440\/revisions\/441"}],"wp:attachment":[{"href":"https:\/\/okoinfo.rs\/index.php?rest_route=%2Fwp%2Fv2%2Fmedia&parent=440"}],"wp:term":[{"taxonomy":"category","embeddable":true,"href":"https:\/\/okoinfo.rs\/index.php?rest_route=%2Fwp%2Fv2%2Fcategories&post=440"},{"taxonomy":"post_tag","embeddable":true,"href":"https:\/\/okoinfo.rs\/index.php?rest_route=%2Fwp%2Fv2%2Ftags&post=440"}],"curies":[{"name":"wp","href":"https:\/\/api.w.org\/{rel}","templated":true}]}}