{"id":407,"date":"2025-09-11T12:10:26","date_gmt":"2025-09-11T12:10:26","guid":{"rendered":"https:\/\/okoinfo.rs\/?p=407"},"modified":"2025-09-11T12:10:26","modified_gmt":"2025-09-11T12:10:26","slug":"a-magyar-nota-unnepe-torontalvasarhelyen-29-vive-fesztival","status":"publish","type":"post","link":"https:\/\/okoinfo.rs\/?p=407","title":{"rendered":"A magyar n\u00f3ta \u00fcnnepe Toront\u00e1lv\u00e1s\u00e1rhelyen &#8211; 29. VIVE Fesztiv\u00e1l"},"content":{"rendered":"\n<p>Toront\u00e1lv\u00e1s\u00e1rhely ism\u00e9t a magyar n\u00f3ta k\u00f6zpontj\u00e1v\u00e1 v\u00e1lt egy est\u00e9re: a J\u00f3zsef Attila M\u0171vel\u0151d\u00e9si Otthon adott otthont a 29. VIVE Magyar N\u00f3t\u00e1k \u00e9s Cs\u00e1rd\u00e1sok Fesztiv\u00e1lj\u00e1nak. A fesztiv\u00e1lon t\u00edz \u00faj szerzem\u00e9ny csend\u00fclt fel, a fell\u00e9p\u0151ket Kurunci Andor pr\u00edm\u00e1s \u00e9s zenekara k\u00eds\u00e9rte.<\/p>\n\n\n\n<p>A k\u00f6z\u00f6ns\u00e9gd\u00edjat Szunyog Tibor kapta, m\u00edg a zs\u0171ri Mezei Szim\u00f3n\u00e1t a legjobb el\u0151ad\u00f3k\u00e9nt, Csesz\u00e1k L\u00e1szl\u00f3t a legjobb zeneszerz\u0151k\u00e9nt, Juh\u00e1sz G\u00e1bort pedig a legjobb sz\u00f6veg\u00edr\u00f3k\u00e9nt d\u00edjazta.<\/p>\n\n\n\n<p>A rendezv\u00e9nyt sz\u00e1mos rangos vend\u00e9g tisztelte meg jelenl\u00e9t\u00e9vel, a g\u00e1la v\u00e9g\u00e9n pedig a fell\u00e9p\u0151k \u00e9s a k\u00f6z\u00f6ns\u00e9g egy\u00fctt \u00e9nekelte el a K\u00e9k nefelejcs c\u00edm\u0171 n\u00f3t\u00e1t, m\u00e9lt\u00f3 lez\u00e1r\u00e1sak\u00e9nt a magyar n\u00f3ta \u00fcnnep\u00e9nek.<\/p>\n\n\n\n<figure class=\"wp-block-embed is-type-video is-provider-youtube wp-block-embed-youtube wp-embed-aspect-4-3 wp-has-aspect-ratio\"><div class=\"wp-block-embed__wrapper\">\n<iframe loading=\"lazy\" title=\"A magyar n\u00f3ta \u00fcnnepe Toront\u00e1lv\u00e1s\u00e1rhelyen -  29. VIVE Fesztiv\u00e1l\" width=\"640\" height=\"360\" src=\"https:\/\/www.youtube.com\/embed\/kRMuHSm6aN0?feature=oembed\" frameborder=\"0\" allow=\"accelerometer; autoplay; clipboard-write; encrypted-media; gyroscope; picture-in-picture; web-share\" referrerpolicy=\"strict-origin-when-cross-origin\" allowfullscreen><\/iframe>\n<\/div><\/figure>\n","protected":false},"excerpt":{"rendered":"<p>Toront\u00e1lv\u00e1s\u00e1rhely ism\u00e9t a magyar n\u00f3ta k\u00f6zpontj\u00e1v\u00e1 v\u00e1lt egy est\u00e9re: a J\u00f3zsef Attila M\u0171vel\u0151d\u00e9si Otthon adott otthont a 29.<\/p>\n","protected":false},"author":1,"featured_media":408,"comment_status":"closed","ping_status":"closed","sticky":false,"template":"","format":"standard","meta":{"footnotes":""},"categories":[26,7,10],"tags":[],"class_list":["post-407","post","type-post","status-publish","format-standard","has-post-thumbnail","hentry","category-debeljaca","category-drustvo","category-kultura"],"_links":{"self":[{"href":"https:\/\/okoinfo.rs\/index.php?rest_route=\/wp\/v2\/posts\/407","targetHints":{"allow":["GET"]}}],"collection":[{"href":"https:\/\/okoinfo.rs\/index.php?rest_route=\/wp\/v2\/posts"}],"about":[{"href":"https:\/\/okoinfo.rs\/index.php?rest_route=\/wp\/v2\/types\/post"}],"author":[{"embeddable":true,"href":"https:\/\/okoinfo.rs\/index.php?rest_route=\/wp\/v2\/users\/1"}],"replies":[{"embeddable":true,"href":"https:\/\/okoinfo.rs\/index.php?rest_route=%2Fwp%2Fv2%2Fcomments&post=407"}],"version-history":[{"count":1,"href":"https:\/\/okoinfo.rs\/index.php?rest_route=\/wp\/v2\/posts\/407\/revisions"}],"predecessor-version":[{"id":409,"href":"https:\/\/okoinfo.rs\/index.php?rest_route=\/wp\/v2\/posts\/407\/revisions\/409"}],"wp:featuredmedia":[{"embeddable":true,"href":"https:\/\/okoinfo.rs\/index.php?rest_route=\/wp\/v2\/media\/408"}],"wp:attachment":[{"href":"https:\/\/okoinfo.rs\/index.php?rest_route=%2Fwp%2Fv2%2Fmedia&parent=407"}],"wp:term":[{"taxonomy":"category","embeddable":true,"href":"https:\/\/okoinfo.rs\/index.php?rest_route=%2Fwp%2Fv2%2Fcategories&post=407"},{"taxonomy":"post_tag","embeddable":true,"href":"https:\/\/okoinfo.rs\/index.php?rest_route=%2Fwp%2Fv2%2Ftags&post=407"}],"curies":[{"name":"wp","href":"https:\/\/api.w.org\/{rel}","templated":true}]}}