{"id":389,"date":"2025-08-05T09:28:04","date_gmt":"2025-08-05T09:28:04","guid":{"rendered":"https:\/\/okoinfo.rs\/?p=389"},"modified":"2025-08-29T09:28:39","modified_gmt":"2025-08-29T09:28:39","slug":"kovacica-u-znaku-maka-odrzana-manifestacija-sakovo-makovo","status":"publish","type":"post","link":"https:\/\/okoinfo.rs\/?p=389","title":{"rendered":"Kova\u010dica u znaku maka: Odr\u017eana manifestacija \u201e\u0160akovo makovo\u201c"},"content":{"rendered":"\n<p>U dvori\u0161tu Mesne zajednice u Kova\u010dici, 3. avgusta, odr\u017eana je manifestacija \u201e\u0160akovo makovo\u201c, koja je okupila posetioce razli\u010ditih generacija i nacionalnosti iz op\u0161tine Kova\u010dica i okolnih mesta. Tradicionalna proslava bila je posve\u0107ena maku, nekada\u0161njoj neizostavnoj namirnici vojvo\u0111anskih doma\u0107instava. U prazni\u010dnom ambijentu ispunjenom mirisima i ukusima, mak je predstavljen u punom sjaju. Manifestacija je bila takmi\u010darskog karaktera i zavr\u0161ena je progla\u0161enjem pobednika. Prvo mesto za \u0161tand osvojilo je Udru\u017eenje \u017eena Bakice iz Uzdina, najbolji kola\u010d od maka pripremile su \u010dlanice Udru\u017eenja \u017eena iz Jano\u0161ika a prvo mesto za vulju\u0161ke od maka osvojilo je Udru\u017eenje \u017eena i Padine. Manifestaciju \u201e\u0160akovo makovo\u201c organizovalo Udru\u017eenje \u017eena iz Kova\u010dice, uz podr\u0161ku Turisti\u010dke organizacije op\u0161tine Kova\u010dica i finansijsku pomo\u0107 Nacionalnog saveta slova\u010dke nacionalne manjine u Srbiji.<\/p>\n\n\n\n<figure class=\"wp-block-embed is-type-video is-provider-youtube wp-block-embed-youtube wp-embed-aspect-16-9 wp-has-aspect-ratio\"><div class=\"wp-block-embed__wrapper\">\n<iframe loading=\"lazy\" title=\"Kova\u010dica u znaku maka: Odr\u017eana manifestacija \u201e\u0160akovo makovo\u201c\" width=\"640\" height=\"360\" src=\"https:\/\/www.youtube.com\/embed\/0kNKsKjmy_8?feature=oembed\" frameborder=\"0\" allow=\"accelerometer; autoplay; clipboard-write; encrypted-media; gyroscope; picture-in-picture; web-share\" referrerpolicy=\"strict-origin-when-cross-origin\" allowfullscreen><\/iframe>\n<\/div><\/figure>\n","protected":false},"excerpt":{"rendered":"<p>U dvori\u0161tu Mesne zajednice u Kova\u010dici, 3. avgusta, odr\u017eana je manifestacija \u201e\u0160akovo makovo\u201c, koja je okupila posetioce razli\u010ditih<\/p>\n","protected":false},"author":1,"featured_media":0,"comment_status":"closed","ping_status":"closed","sticky":false,"template":"","format":"standard","meta":{"footnotes":""},"categories":[7,27],"tags":[],"class_list":["post-389","post","type-post","status-publish","format-standard","hentry","category-drustvo","category-kovacica"],"_links":{"self":[{"href":"https:\/\/okoinfo.rs\/index.php?rest_route=\/wp\/v2\/posts\/389","targetHints":{"allow":["GET"]}}],"collection":[{"href":"https:\/\/okoinfo.rs\/index.php?rest_route=\/wp\/v2\/posts"}],"about":[{"href":"https:\/\/okoinfo.rs\/index.php?rest_route=\/wp\/v2\/types\/post"}],"author":[{"embeddable":true,"href":"https:\/\/okoinfo.rs\/index.php?rest_route=\/wp\/v2\/users\/1"}],"replies":[{"embeddable":true,"href":"https:\/\/okoinfo.rs\/index.php?rest_route=%2Fwp%2Fv2%2Fcomments&post=389"}],"version-history":[{"count":1,"href":"https:\/\/okoinfo.rs\/index.php?rest_route=\/wp\/v2\/posts\/389\/revisions"}],"predecessor-version":[{"id":390,"href":"https:\/\/okoinfo.rs\/index.php?rest_route=\/wp\/v2\/posts\/389\/revisions\/390"}],"wp:attachment":[{"href":"https:\/\/okoinfo.rs\/index.php?rest_route=%2Fwp%2Fv2%2Fmedia&parent=389"}],"wp:term":[{"taxonomy":"category","embeddable":true,"href":"https:\/\/okoinfo.rs\/index.php?rest_route=%2Fwp%2Fv2%2Fcategories&post=389"},{"taxonomy":"post_tag","embeddable":true,"href":"https:\/\/okoinfo.rs\/index.php?rest_route=%2Fwp%2Fv2%2Ftags&post=389"}],"curies":[{"name":"wp","href":"https:\/\/api.w.org\/{rel}","templated":true}]}}