{"id":383,"date":"2025-07-04T09:20:02","date_gmt":"2025-07-04T09:20:02","guid":{"rendered":"https:\/\/okoinfo.rs\/?p=383"},"modified":"2025-08-29T09:20:38","modified_gmt":"2025-08-29T09:20:38","slug":"u-debeljaci-ozivljen-stari-obicaj-zetve-i-najavljen-zetveni-bal","status":"publish","type":"post","link":"https:\/\/okoinfo.rs\/?p=383","title":{"rendered":"U Debelja\u010di o\u017eivljen stari obi\u010daj \u017eetve i najavljen \u017eetveni bal"},"content":{"rendered":"\n<p>U organizaciji Ma\u0111arskog kulturno-umetni\u010dkog centra, na jednoj parceli u ataru Debelja\u010de, o\u017eivljeni su stari obi\u010daji \u017eetve. \u017detva je obavljena ru\u010dno, uz kori\u0161\u0107enje tradicionalnih alata, i to na na\u010din kako su to nekada radili na\u0161i preci uz pesmu, zajedni\u010dki trud i radost zbog plodova zemlje. Posebnu dra\u017e ovom doga\u0111aju dala je doma\u0107a trpeza, koja je do\u010dekala sve u\u010desnike nakon zavr\u0161enog posla na njivi. O\u017eivljavanje tradicionalnih obi\u010daja \u017eetve ne zavr\u0161ava se ovde. Prazni\u010dna atmosfera nastavlja se 5. jula u Debelja\u010di, za kada je najavljen \u017eetveni bal. Organizatori su se posebno zahvalili Radovanu Markovi\u0107u, koji im je omogu\u0107io kori\u0161\u0107enje parcele, kako bi tradicija mogla da se predstavi mla\u0111im generacijama i sa\u010duva od zaborava.<\/p>\n\n\n\n<figure class=\"wp-block-embed is-type-video is-provider-youtube wp-block-embed-youtube wp-embed-aspect-16-9 wp-has-aspect-ratio\"><div class=\"wp-block-embed__wrapper\">\n<iframe loading=\"lazy\" title=\"U Debelja\u010di o\u017eivljen stari obi\u010daj \u017eetve i najavljen \u017eetveni bal\" width=\"640\" height=\"360\" src=\"https:\/\/www.youtube.com\/embed\/lOYqgynSWSc?feature=oembed\" frameborder=\"0\" allow=\"accelerometer; autoplay; clipboard-write; encrypted-media; gyroscope; picture-in-picture; web-share\" referrerpolicy=\"strict-origin-when-cross-origin\" allowfullscreen><\/iframe>\n<\/div><\/figure>\n","protected":false},"excerpt":{"rendered":"<p>U organizaciji Ma\u0111arskog kulturno-umetni\u010dkog centra, na jednoj parceli u ataru Debelja\u010de, o\u017eivljeni su stari obi\u010daji \u017eetve. \u017detva je<\/p>\n","protected":false},"author":1,"featured_media":0,"comment_status":"closed","ping_status":"closed","sticky":false,"template":"","format":"standard","meta":{"footnotes":""},"categories":[26,7],"tags":[],"class_list":["post-383","post","type-post","status-publish","format-standard","hentry","category-debeljaca","category-drustvo"],"_links":{"self":[{"href":"https:\/\/okoinfo.rs\/index.php?rest_route=\/wp\/v2\/posts\/383","targetHints":{"allow":["GET"]}}],"collection":[{"href":"https:\/\/okoinfo.rs\/index.php?rest_route=\/wp\/v2\/posts"}],"about":[{"href":"https:\/\/okoinfo.rs\/index.php?rest_route=\/wp\/v2\/types\/post"}],"author":[{"embeddable":true,"href":"https:\/\/okoinfo.rs\/index.php?rest_route=\/wp\/v2\/users\/1"}],"replies":[{"embeddable":true,"href":"https:\/\/okoinfo.rs\/index.php?rest_route=%2Fwp%2Fv2%2Fcomments&post=383"}],"version-history":[{"count":1,"href":"https:\/\/okoinfo.rs\/index.php?rest_route=\/wp\/v2\/posts\/383\/revisions"}],"predecessor-version":[{"id":384,"href":"https:\/\/okoinfo.rs\/index.php?rest_route=\/wp\/v2\/posts\/383\/revisions\/384"}],"wp:attachment":[{"href":"https:\/\/okoinfo.rs\/index.php?rest_route=%2Fwp%2Fv2%2Fmedia&parent=383"}],"wp:term":[{"taxonomy":"category","embeddable":true,"href":"https:\/\/okoinfo.rs\/index.php?rest_route=%2Fwp%2Fv2%2Fcategories&post=383"},{"taxonomy":"post_tag","embeddable":true,"href":"https:\/\/okoinfo.rs\/index.php?rest_route=%2Fwp%2Fv2%2Ftags&post=383"}],"curies":[{"name":"wp","href":"https:\/\/api.w.org\/{rel}","templated":true}]}}