{"id":284,"date":"2023-12-28T12:59:15","date_gmt":"2023-12-28T12:59:15","guid":{"rendered":"https:\/\/okoinfo.rs\/?p=284"},"modified":"2023-12-29T08:51:08","modified_gmt":"2023-12-29T08:51:08","slug":"zaposljavanje-slepih-i-slabovidih-osoba-izazovi-i-sanse","status":"publish","type":"post","link":"https:\/\/okoinfo.rs\/?p=284","title":{"rendered":"Zapo\u0161ljavanje slepih i slabovidih osoba &#8211; izazovi i \u0161anse"},"content":{"rendered":"\n<p class=\"has-medium-font-size\">U okviru projekta &#8220;Zapo\u0161ljavanje slepih i slabovidih osoba &#8211; izazovi i \u0161anse&#8221; kroz 4 emisije poku\u0161ali smo da pribli\u017eimo probleme sa kojima se ovakve osobe susre\u0107u prilikom zapo\u0161ljavanja.<\/p>\n\n\n\n<p><strong>Ovaj projekat je podr\u017eao Pokrajinski sekretarijat za kulturu, javno informisanje i odnose sa verskim zajednicama.<br>Stavovi izneti u okviru medijskih sad\u017eaja ovog projekta ne izra\u017eavaju nu\u017eno stavove Sekretarijata.<\/strong><\/p>\n\n\n\n<figure class=\"wp-block-embed is-type-video is-provider-youtube wp-block-embed-youtube wp-embed-aspect-16-9 wp-has-aspect-ratio\"><div class=\"wp-block-embed__wrapper\">\n<iframe loading=\"lazy\" title=\"Zapo\u0161ljavanje slepih i slabovidih osoba - izazovi i \u0161anse - Danijel Todorovi\u0107\" width=\"640\" height=\"360\" src=\"https:\/\/www.youtube.com\/embed\/mARF9BjZgEs?feature=oembed\" frameborder=\"0\" allow=\"accelerometer; autoplay; clipboard-write; encrypted-media; gyroscope; picture-in-picture; web-share\" referrerpolicy=\"strict-origin-when-cross-origin\" allowfullscreen><\/iframe>\n<\/div><\/figure>\n\n\n\n<figure class=\"wp-block-embed is-type-video is-provider-youtube wp-block-embed-youtube wp-embed-aspect-16-9 wp-has-aspect-ratio\"><div class=\"wp-block-embed__wrapper\">\n<iframe loading=\"lazy\" title=\"Zapo\u0161ljavanje slepih i slabovidih osoba - izazovi i \u0161anse - Jasmina Sabovljev\" width=\"640\" height=\"360\" src=\"https:\/\/www.youtube.com\/embed\/MdpfkXOoxIc?feature=oembed\" frameborder=\"0\" allow=\"accelerometer; autoplay; clipboard-write; encrypted-media; gyroscope; picture-in-picture; web-share\" referrerpolicy=\"strict-origin-when-cross-origin\" allowfullscreen><\/iframe>\n<\/div><\/figure>\n\n\n\n<figure class=\"wp-block-embed is-type-video is-provider-youtube wp-block-embed-youtube wp-embed-aspect-16-9 wp-has-aspect-ratio\"><div class=\"wp-block-embed__wrapper\">\n<iframe loading=\"lazy\" title=\"Zapo\u0161ljavanje slepih i slabovidih osoba - izazovi i \u0161anse - Jelena Trajkovi\u0107\" width=\"640\" height=\"360\" src=\"https:\/\/www.youtube.com\/embed\/u_6faY3R9mg?feature=oembed\" frameborder=\"0\" allow=\"accelerometer; autoplay; clipboard-write; encrypted-media; gyroscope; picture-in-picture; web-share\" referrerpolicy=\"strict-origin-when-cross-origin\" allowfullscreen><\/iframe>\n<\/div><\/figure>\n\n\n\n<figure class=\"wp-block-embed is-type-video is-provider-youtube wp-block-embed-youtube wp-embed-aspect-4-3 wp-has-aspect-ratio\"><div class=\"wp-block-embed__wrapper\">\n<iframe loading=\"lazy\" title=\"Zapo\u0161ljavanje slepih i slabovidih osoba - izazovi i \u0161anse - Nevena Gligorijevi\u0107 Bugar\u010di\u0107\" width=\"640\" height=\"360\" src=\"https:\/\/www.youtube.com\/embed\/igV_xCkjoGk?feature=oembed\" frameborder=\"0\" allow=\"accelerometer; autoplay; clipboard-write; encrypted-media; gyroscope; picture-in-picture; web-share\" referrerpolicy=\"strict-origin-when-cross-origin\" allowfullscreen><\/iframe>\n<\/div><\/figure>\n","protected":false},"excerpt":{"rendered":"<p>U okviru projekta &#8220;Zapo\u0161ljavanje slepih i slabovidih osoba &#8211; izazovi i \u0161anse&#8221; kroz 4 emisije poku\u0161ali smo da<\/p>\n","protected":false},"author":1,"featured_media":285,"comment_status":"open","ping_status":"open","sticky":false,"template":"","format":"standard","meta":{"footnotes":""},"categories":[8,7],"tags":[],"class_list":["post-284","post","type-post","status-publish","format-standard","has-post-thumbnail","hentry","category-drustvena-pitanja","category-drustvo"],"_links":{"self":[{"href":"https:\/\/okoinfo.rs\/index.php?rest_route=\/wp\/v2\/posts\/284","targetHints":{"allow":["GET"]}}],"collection":[{"href":"https:\/\/okoinfo.rs\/index.php?rest_route=\/wp\/v2\/posts"}],"about":[{"href":"https:\/\/okoinfo.rs\/index.php?rest_route=\/wp\/v2\/types\/post"}],"author":[{"embeddable":true,"href":"https:\/\/okoinfo.rs\/index.php?rest_route=\/wp\/v2\/users\/1"}],"replies":[{"embeddable":true,"href":"https:\/\/okoinfo.rs\/index.php?rest_route=%2Fwp%2Fv2%2Fcomments&post=284"}],"version-history":[{"count":2,"href":"https:\/\/okoinfo.rs\/index.php?rest_route=\/wp\/v2\/posts\/284\/revisions"}],"predecessor-version":[{"id":287,"href":"https:\/\/okoinfo.rs\/index.php?rest_route=\/wp\/v2\/posts\/284\/revisions\/287"}],"wp:featuredmedia":[{"embeddable":true,"href":"https:\/\/okoinfo.rs\/index.php?rest_route=\/wp\/v2\/media\/285"}],"wp:attachment":[{"href":"https:\/\/okoinfo.rs\/index.php?rest_route=%2Fwp%2Fv2%2Fmedia&parent=284"}],"wp:term":[{"taxonomy":"category","embeddable":true,"href":"https:\/\/okoinfo.rs\/index.php?rest_route=%2Fwp%2Fv2%2Fcategories&post=284"},{"taxonomy":"post_tag","embeddable":true,"href":"https:\/\/okoinfo.rs\/index.php?rest_route=%2Fwp%2Fv2%2Ftags&post=284"}],"curies":[{"name":"wp","href":"https:\/\/api.w.org\/{rel}","templated":true}]}}