{"id":267,"date":"2023-10-27T09:17:01","date_gmt":"2023-10-27T09:17:01","guid":{"rendered":"https:\/\/okoinfo.rs\/?p=267"},"modified":"2023-10-27T09:17:03","modified_gmt":"2023-10-27T09:17:03","slug":"pastrarea-culturii-obiceiuriilor-si-traditilor-romanesti-in-comuna-alibunar","status":"publish","type":"post","link":"https:\/\/okoinfo.rs\/?p=267","title":{"rendered":"P\u0103strarea culturii, obiceiuriilor \u015fi tradi\u0163ilor rom\u00e2ne\u015fti \u00een comuna Alibunar"},"content":{"rendered":"\n<p>\u00cen municipalitatea Alibunar \u00een fiecare an se organizeaz\u0103 manifest\u0103rii culturale, turistice, gastronomice \u015fi sportive. Alibun\u0103renii se str\u0103duiesc prin aceste evenimente s\u0103 dovedeasc\u0103 genera\u0163iilor viitoare c\u0103 nu au uitat de r\u0103d\u0103cinile \u015fi portul lor tradi\u0163ional. Patrimoniul este ceva ce bunicii \u015fi str\u0103bunicii au p\u0103strat, au lucrat \u015fi le-au l\u0103sat copiilor \u015fi nepo\u0163iilor.<\/p>\n\n\n\n<p>Proiectul este sus\u0163inut financiar de comuna Alibunar. Opiniile exprimate \u00een proiectul media sus\u0163inut nu exprim\u0103 neap\u0103rat punctele de vedere ale autorit\u0103\u0163ii care a alocat fondurile.<\/p>\n\n\n\n<figure class=\"wp-block-embed is-type-video is-provider-youtube wp-block-embed-youtube wp-embed-aspect-4-3 wp-has-aspect-ratio\"><div class=\"wp-block-embed__wrapper\">\n<iframe loading=\"lazy\" title=\"P\u0103strarea culturii, obiceiuriilor \u015fi tradi\u0163ilor rom\u00e2ne\u015fti \u00een comuna Alibunar\" width=\"640\" height=\"360\" src=\"https:\/\/www.youtube.com\/embed\/Fz-ZdHunNxQ?feature=oembed\" frameborder=\"0\" allow=\"accelerometer; autoplay; clipboard-write; encrypted-media; gyroscope; picture-in-picture; web-share\" referrerpolicy=\"strict-origin-when-cross-origin\" allowfullscreen><\/iframe>\n<\/div><\/figure>\n","protected":false},"excerpt":{"rendered":"<p>\u00cen municipalitatea Alibunar \u00een fiecare an se organizeaz\u0103 manifest\u0103rii culturale, turistice, gastronomice \u015fi sportive. Alibun\u0103renii se str\u0103duiesc prin<\/p>\n","protected":false},"author":1,"featured_media":268,"comment_status":"open","ping_status":"open","sticky":false,"template":"","format":"standard","meta":{"footnotes":""},"categories":[8,7,10],"tags":[],"class_list":["post-267","post","type-post","status-publish","format-standard","has-post-thumbnail","hentry","category-drustvena-pitanja","category-drustvo","category-kultura"],"_links":{"self":[{"href":"https:\/\/okoinfo.rs\/index.php?rest_route=\/wp\/v2\/posts\/267","targetHints":{"allow":["GET"]}}],"collection":[{"href":"https:\/\/okoinfo.rs\/index.php?rest_route=\/wp\/v2\/posts"}],"about":[{"href":"https:\/\/okoinfo.rs\/index.php?rest_route=\/wp\/v2\/types\/post"}],"author":[{"embeddable":true,"href":"https:\/\/okoinfo.rs\/index.php?rest_route=\/wp\/v2\/users\/1"}],"replies":[{"embeddable":true,"href":"https:\/\/okoinfo.rs\/index.php?rest_route=%2Fwp%2Fv2%2Fcomments&post=267"}],"version-history":[{"count":1,"href":"https:\/\/okoinfo.rs\/index.php?rest_route=\/wp\/v2\/posts\/267\/revisions"}],"predecessor-version":[{"id":269,"href":"https:\/\/okoinfo.rs\/index.php?rest_route=\/wp\/v2\/posts\/267\/revisions\/269"}],"wp:featuredmedia":[{"embeddable":true,"href":"https:\/\/okoinfo.rs\/index.php?rest_route=\/wp\/v2\/media\/268"}],"wp:attachment":[{"href":"https:\/\/okoinfo.rs\/index.php?rest_route=%2Fwp%2Fv2%2Fmedia&parent=267"}],"wp:term":[{"taxonomy":"category","embeddable":true,"href":"https:\/\/okoinfo.rs\/index.php?rest_route=%2Fwp%2Fv2%2Fcategories&post=267"},{"taxonomy":"post_tag","embeddable":true,"href":"https:\/\/okoinfo.rs\/index.php?rest_route=%2Fwp%2Fv2%2Ftags&post=267"}],"curies":[{"name":"wp","href":"https:\/\/api.w.org\/{rel}","templated":true}]}}