{"id":249,"date":"2023-05-29T12:26:51","date_gmt":"2023-05-29T12:26:51","guid":{"rendered":"https:\/\/okoinfo.rs\/?p=249"},"modified":"2023-10-20T07:26:46","modified_gmt":"2023-10-20T07:26:46","slug":"pitamo-koliko-pratite-sadrzaje-koji-dolaze-do-vaseg-deteta","status":"publish","type":"post","link":"https:\/\/okoinfo.rs\/?p=249","title":{"rendered":"PITAMO: Koliko pratite sadr\u017eaje koji dolaze do Va\u0161eg deteta?"},"content":{"rendered":"\n<p class=\"has-medium-font-size\"><strong>Srpska javnost je tre\u0107eg maja bila zate\u010dena \u010dinjenicom da se u beogradskoj \u0161koli desila pucnjava i da je ovom prilikom ubijeno vi\u0161e dece uzrasta izme\u0111u 13 i 14 godina, a me\u0111u njima i \u0161kolski \u010duvar. Poslednji bilans ove tragedije promenjen je pre samo nekoliko dana kada je preminula jo\u0161 jedna devoj\u010dica nakon te\u0161ke borbe sa povredama glave koje su zadobijene od metaka. Sve ovo je u\u010dinio de\u010dak od 14 godina.<\/strong><\/p>\n\n\n\n<p>Nakon tragedije, organizovana je konferencija za medije u Vladi Republike Srbije. Predsednik dr\u017eave, predstavnici Vlade, Policije, Ministarstva zdravlja i Ministarstva prosvete obratili su se javnosti koja je sa nevericom primila zastra\u0161uju\u0107e podatke o nemilosrdnom zlo\u010dinu koji se desio u poznatoj beogradskoj \u0161koli.<\/p>\n\n\n\n<p>Predsednik Srbije, Aleksandar Vu\u010di\u0107, rekao je u svom obra\u0107anju da je \u2019\u2019jedino \u010dega se pla\u0161i domino efekat\u2019\u2019. Upravo to se i desilo \u2013 samo dan kasnije mladi\u0107 star 21 godinu nasumi\u010dno je pucao na ljude u vi\u0161e sela u okolini Mladenovca. Ovom prilikom iz vatrenog oru\u017eja usmrtio je osmoro ljudi, a ranio 13.<\/p>\n\n\n\n<p>Nakon prvog slu\u010daja, a uporedo sa drugim, mediji su izve\u0161tavali o mladima koji su pokrenuli stranice i profile na dru\u0161tvenim mre\u017eama koji podr\u017eavaju \u010detrnaestogodi\u0161njeg de\u010daka i njegov \u010din. Privedeno je vi\u0161e maloletnih osoba koje su svoje vr\u0161njake napale, fizi\u010dki, no\u017eem, a bilo je i onih koji su plasti\u010dnim<br>pi\u0161toljima imitirali u svojim u\u010dionicama de\u010daka koji je u Beogradu po\u010dinio krvavi pir.<br>Ova dva doga\u0111aja, i niz slu\u010dajeva nasilja u \u0161kolama, pokrenuo je medije da se bave temom nasilja me\u0111u decom, programskim sadr\u017eajima i uticajima koji mogu imati na mlade. Milica Kon, mama influenser u Srbiji, za nacionalne medije govorila je o nasilju koje je pretrpelo njeno dete u jednoj, tako\u0111e, poznatoj<br>beogradskoj \u0161koli. Ona je ukazala na hroni\u010dno nere\u0161avanje problema kada je u pitanju vr\u0161nja\u010dko nasilje.<\/p>\n\n\n\n<p class=\"has-medium-font-size\"><strong>Kada se dese doga\u0111aji poput ovih u Srbiji po\u010detkom maja, pitanje je \u2013 ko je za sve kriv? Krivi smo mi.<\/strong><\/p>\n\n\n\n<p class=\"has-medium-font-size\">Dru\u0161tvo tra\u017ei odgovornost, a odgovorno je upravo ono.<br><strong>Zakazalo je \u010ditavo dru\u0161tvo.<\/strong><br>Zato mi \u017eelimo da razgovaramo sa roditeljima i profesorima o jednoj vrsti nasilja koja se pojavljuje kao naj\u010de\u0161\u0107i oblik kada su u pitanju adolescenti \u2013 vr\u0161nja\u010dko nasilje na internetu.<br><strong>Neophodno da zapo\u010demo jedan razgovor \u2013 razgovor sa roditeljima i profesorima.<\/strong><\/p>\n\n\n\n<p>Pomozite nam u nameri da otkrijemo da li pravilno vodimo ra\u010duna o sadr\u017eajima sa kojima nam se deca susre\u0107u na interentu i dru\u0161tvenim mre\u017eama. Pomozite nam da saznamo vi\u0161e o ulozi roditelja i profesora kada je u pitanju nasilje na dru\u0161tvenim mre\u017eama.<\/p>\n\n\n\n<p>Upitnik je anoniman i da podaci \u0107e se tretirati sa diskrecijom i poverenjem.<\/p>\n\n\n\n<p class=\"has-medium-font-size\"><strong>Ukoliko \u017eelite o ovoj temi da pri\u010date, mo\u017eete nam pisati na<a href=\"http:\/\/udru\u017eenje.oko@gmail.com\"> udru\u017eenje.oko@gmail.com<\/a>.<\/strong><\/p>\n\n\n\n<p class=\"has-medium-font-size\">Roditelji, profesori podelite va\u0161e iskustvo: Deca zrtve online nasilja&nbsp;<\/p>\n\n\n\n<iframe src=\"\/\/okoinfo.ecrtool.org\/bchs\/webform\/cyber_nasilje\/share\" title=\"Cyber nasilje | ECR Platform\" class=\"webform-share-iframe\" frameborder=\"0\" allow=\"geolocation; microphone; camera\" allowtransparency=\"true\" allowfullscreen=\"true\" style=\"width:100%;height:600px;border:none\"><\/iframe>\n","protected":false},"excerpt":{"rendered":"<p>Srpska javnost je tre\u0107eg maja bila zate\u010dena \u010dinjenicom da se u beogradskoj \u0161koli desila pucnjava i da je<\/p>\n","protected":false},"author":1,"featured_media":250,"comment_status":"closed","ping_status":"open","sticky":false,"template":"","format":"standard","meta":{"footnotes":""},"categories":[8,7],"tags":[],"class_list":["post-249","post","type-post","status-publish","format-standard","has-post-thumbnail","hentry","category-drustvena-pitanja","category-drustvo"],"_links":{"self":[{"href":"https:\/\/okoinfo.rs\/index.php?rest_route=\/wp\/v2\/posts\/249","targetHints":{"allow":["GET"]}}],"collection":[{"href":"https:\/\/okoinfo.rs\/index.php?rest_route=\/wp\/v2\/posts"}],"about":[{"href":"https:\/\/okoinfo.rs\/index.php?rest_route=\/wp\/v2\/types\/post"}],"author":[{"embeddable":true,"href":"https:\/\/okoinfo.rs\/index.php?rest_route=\/wp\/v2\/users\/1"}],"replies":[{"embeddable":true,"href":"https:\/\/okoinfo.rs\/index.php?rest_route=%2Fwp%2Fv2%2Fcomments&post=249"}],"version-history":[{"count":3,"href":"https:\/\/okoinfo.rs\/index.php?rest_route=\/wp\/v2\/posts\/249\/revisions"}],"predecessor-version":[{"id":265,"href":"https:\/\/okoinfo.rs\/index.php?rest_route=\/wp\/v2\/posts\/249\/revisions\/265"}],"wp:featuredmedia":[{"embeddable":true,"href":"https:\/\/okoinfo.rs\/index.php?rest_route=\/wp\/v2\/media\/250"}],"wp:attachment":[{"href":"https:\/\/okoinfo.rs\/index.php?rest_route=%2Fwp%2Fv2%2Fmedia&parent=249"}],"wp:term":[{"taxonomy":"category","embeddable":true,"href":"https:\/\/okoinfo.rs\/index.php?rest_route=%2Fwp%2Fv2%2Fcategories&post=249"},{"taxonomy":"post_tag","embeddable":true,"href":"https:\/\/okoinfo.rs\/index.php?rest_route=%2Fwp%2Fv2%2Ftags&post=249"}],"curies":[{"name":"wp","href":"https:\/\/api.w.org\/{rel}","templated":true}]}}