{"id":230,"date":"2023-03-03T09:02:46","date_gmt":"2023-03-03T09:02:46","guid":{"rendered":"https:\/\/okoinfo.rs\/?p=230"},"modified":"2023-03-14T10:19:07","modified_gmt":"2023-03-14T10:19:07","slug":"nemoj-da-me-pratis-veruj-mi","status":"publish","type":"post","link":"https:\/\/okoinfo.rs\/?p=230","title":{"rendered":"<strong>Nemoj da me prati\u0161! Veruj mi!<\/strong>"},"content":{"rendered":"\n<p class=\"has-text-align-center has-medium-font-size\"><strong>Mladi svedo\u010de: Ho\u0107e svoju privatnost, ali i podr\u0161ku van virtuelnog sveta<\/strong><\/p>\n\n\n\n<figure class=\"wp-block-image aligncenter size-full is-resized\"><img loading=\"lazy\" decoding=\"async\" src=\"https:\/\/okoinfo.rs\/wp-content\/uploads\/2023\/03\/03032023-61.jpg\" alt=\"\" class=\"wp-image-232\" width=\"438\" height=\"366\" srcset=\"https:\/\/okoinfo.rs\/wp-content\/uploads\/2023\/03\/03032023-61.jpg 850w, https:\/\/okoinfo.rs\/wp-content\/uploads\/2023\/03\/03032023-61-300x251.jpg 300w, https:\/\/okoinfo.rs\/wp-content\/uploads\/2023\/03\/03032023-61-768x642.jpg 768w\" sizes=\"auto, (max-width: 438px) 100vw, 438px\" \/><\/figure>\n\n\n\n<p class=\"has-medium-font-size\">Generacije koje danas odrastaju, odrastaju uz ure\u0111aje koje na\u0161e bake i deke nisu mogle da zamisle da \u0107e postojati. Iste te generacije danas nisu prve koje koriste dru\u0161tvene mre\u017ee, ali su prve koje odrastaju sa telefonom u ruci.<br>Generaciji Z nije potrebno da ih vi nau\u010dite da koriste telefon, tablet, ra\u010dunar, iako im je pre samo nekoliko godina bilo potrebno da budete tu za njih da ih nau\u010dite da hodaju, govore, kako da se hrane ili nau\u010de da korsite no\u0161u.<br>Velika je verovatno\u0107a da \u0107e oni u\u010diti vas kako da koristite nove tehnologije, a isto tako je velika verovatno\u0107a da \u0107e vas u\u010diti i kako da se pona\u0161ate na dru\u0161tvenim mre\u017eama \u2013 odnosno, re\u0107i \u0107e vam \u0161ta je kul, a \u0161ta nije.<\/p>\n\n\n\n<p class=\"has-medium-font-size\"><\/p>\n\n\n\n<div class=\"wp-block-cover aligncenter is-light\"><span aria-hidden=\"true\" class=\"wp-block-cover__background has-background-dim\"><\/span><img loading=\"lazy\" decoding=\"async\" width=\"1024\" height=\"1024\" class=\"wp-block-cover__image-background wp-image-233\" alt=\"\" src=\"https:\/\/okoinfo.rs\/wp-content\/uploads\/2023\/03\/14032023-ucimo.png\" data-object-fit=\"cover\" srcset=\"https:\/\/okoinfo.rs\/wp-content\/uploads\/2023\/03\/14032023-ucimo.png 1024w, https:\/\/okoinfo.rs\/wp-content\/uploads\/2023\/03\/14032023-ucimo-300x300.png 300w, https:\/\/okoinfo.rs\/wp-content\/uploads\/2023\/03\/14032023-ucimo-150x150.png 150w, https:\/\/okoinfo.rs\/wp-content\/uploads\/2023\/03\/14032023-ucimo-768x768.png 768w\" sizes=\"auto, (max-width: 1024px) 100vw, 1024px\" \/><div class=\"wp-block-cover__inner-container is-layout-flow wp-block-cover-is-layout-flow\">\n<blockquote class=\"wp-block-quote has-white-color has-text-color is-layout-flow wp-block-quote-is-layout-flow\">\n<p class=\"has-text-align-center has-large-font-size\">Velika je verovatno\u0107a da \u0107e oni u\u010diti vas kako da koristite nove tehnologije, a isto tako je velika verovatno\u0107a da \u0107e vas u\u010diti i kako da se pona\u0161ate na dru\u0161tvenim mre\u017eama \u2013 odnosno, re\u0107i \u0107e vam \u0161ta je kul, a \u0161ta nije.<\/p>\n<\/blockquote>\n<\/div><\/div>\n\n\n\n<h2 class=\"has-medium-font-size wp-block-heading\">Ili je mo\u017eda i re\u010d kul sada ve\u0107 demode.<br>Mo\u017eda je \u010dak i re\u010d demode, demode.<\/h2>\n\n\n\n<p class=\"has-medium-font-size\">No, zabrinuto smo se zapitali, koliko izlo\u017eenost dru\u0161tvenim mre\u017eama mo\u017ee da uti\u010de na pona\u0161anje i formiranje stavova kod mladih, koje su i kakve njihove navike pri kori\u0161\u0107enju dru\u0161tvenih mre\u017ea i da li uop\u0161te mi to mo\u017eemo da ispravimo, ukoliko za tim postoji potreba. Zabrinutost je potekla od toga \u0161to ni sami nismo svesni \u0161ta se krije iza nekog posta, profila, stranice ili nove dru\u0161tvene mre\u017ee za koju roditelji shvataju da nisu ni \u010duli i pani\u010dno ve\u0107 razmi\u0161ljaju o tome treba li i tamo otvoriti nalog.<\/p>\n\n\n\n<p class=\"has-medium-font-size\"><strong>Spoveli smo anketu me\u0111u mladima starosti od 15 do 19 godina, u\u010denicima srednjih \u0161kola sa teritorije ju\u017enog Banata.<\/strong> Od na\u0161ih ispitanika, \u00a0preko <strong>90%<\/strong> mladih korsti dru\u0161tvene mre\u017ee. Kako je i o\u010dekivano, mladi ljudi su emigrirali sa Fejbuka, glavne mre\u017ee bumera i milenijalaca, prvo na Instagram, a potom i na TikTok. Bumeri su ve\u0107inom ostali na Fejbuku, neki \u2019\u2019tehnolo\u0161ki napredniji\u2019\u2019 imaju i svoje Instagram naloge, a milenijalnci su se okrenuli Instagramu i delom TikToku.<\/p>\n\n\n\n<figure class=\"wp-block-image size-full\"><img loading=\"lazy\" decoding=\"async\" width=\"853\" height=\"422\" src=\"https:\/\/okoinfo.rs\/wp-content\/uploads\/2023\/03\/03032023-anketa.jpg\" alt=\"\" class=\"wp-image-235\" srcset=\"https:\/\/okoinfo.rs\/wp-content\/uploads\/2023\/03\/03032023-anketa.jpg 853w, https:\/\/okoinfo.rs\/wp-content\/uploads\/2023\/03\/03032023-anketa-300x148.jpg 300w, https:\/\/okoinfo.rs\/wp-content\/uploads\/2023\/03\/03032023-anketa-768x380.jpg 768w\" sizes=\"auto, (max-width: 853px) 100vw, 853px\" \/><\/figure>\n\n\n\n<p class=\"has-medium-font-size\">Postavlja se pitanje: \u00a0za\u0161to postoji potreba da se jedna mre\u017ea zameni nekom drugom? Odnosno, za\u0161to mladi odlaze na dru\u0161tvene mre\u017ee koje su nepoznate starijima? Odgovor se krije mo\u017eda u pitanju za\u0161to svaki tinejd\u017eer \u017eeli da dr\u017ei vrata svoje sobe zatvorenim \u2013<strong> jer mu je potrebna privatnost.<\/strong><\/p>\n\n\n\n<p class=\"has-medium-font-size\">U prilog tome govori i \u010dinjenica da roditelji sa kojima smo razgovarali<strong> imaju potrebu da prate <\/strong>profile svoje dece na mre\u017eama. Mnogi koriste Snapchat, jer pokazuje lokaciju na kojoj se dete nalazi, dakle, razlozi su sigurnosne prirode. Tako\u0111e, kroz razgovore sa roditeljima tinejd\u017eera, saznali smo da su oni itekako svesni opasnosti koje vrebaju na internetu i da se iza la\u017enih profila mogu kriti lica koja mlade \u017eele da zloupotrebe.<\/p>\n\n\n\n<figure class=\"wp-block-image size-full is-resized\"><img loading=\"lazy\" decoding=\"async\" src=\"https:\/\/okoinfo.rs\/wp-content\/uploads\/2023\/03\/03032023-1.jpg\" alt=\"\" class=\"wp-image-236\" width=\"477\" height=\"314\" srcset=\"https:\/\/okoinfo.rs\/wp-content\/uploads\/2023\/03\/03032023-1.jpg 777w, https:\/\/okoinfo.rs\/wp-content\/uploads\/2023\/03\/03032023-1-300x198.jpg 300w, https:\/\/okoinfo.rs\/wp-content\/uploads\/2023\/03\/03032023-1-768x506.jpg 768w\" sizes=\"auto, (max-width: 477px) 100vw, 477px\" \/><\/figure>\n\n\n\n<p class=\"has-medium-font-size\">U prilog tome govori i majka tinejd\u017eerke, u\u010denice srednje medicinske \u0161kole, sa kojom smo razgovarali, i ka\u017ee:<\/p>\n\n\n\n<blockquote class=\"wp-block-quote is-layout-flow wp-block-quote-is-layout-flow\">\n<p class=\"has-medium-font-size\"><em>Sve vi\u0161e psovki, nasilja, razgoli\u0107enih, silikonskih mladih devojaka. Sve to svakako do\u0111e i do mog deteta.\u00a0 Na\u017ealost i pornografski sadr\u017eaj neretko kru\u017ei na mre\u017eama. Mnogo je la\u017enih profila na kojima se kriju manijaci, pedofili. Ona ne prihvata za prijatelja nikakav sumnjiv zahtev, isklju\u010divo prave prijatelje ima na dru\u0161tvenim mre\u017eama. O mogu\u0107im opasnostima razgovaramo \u010desto ali i srednja medicinska \u00a0\u0161kola \u00a0u\u010di \u00a0decu da pametno koriste internet. Tako\u0111e i u\u010deni\u010dki dom, gde najvi\u0161e vremena provodi.<\/em><\/p>\n<\/blockquote>\n\n\n\n<p class=\"has-text-align-center has-large-font-size\">Mladi svedo\u010de: <strong>Dru\u0161tvene mre\u017ee \u2013 alat za komunikaciju, zabavu i u\u010denje<\/strong><\/p>\n\n\n\n<figure class=\"wp-block-image aligncenter size-full is-resized\"><img loading=\"lazy\" decoding=\"async\" src=\"https:\/\/okoinfo.rs\/wp-content\/uploads\/2023\/03\/03032023-2.jpg\" alt=\"\" class=\"wp-image-237\" width=\"342\" height=\"228\" srcset=\"https:\/\/okoinfo.rs\/wp-content\/uploads\/2023\/03\/03032023-2.jpg 961w, https:\/\/okoinfo.rs\/wp-content\/uploads\/2023\/03\/03032023-2-300x200.jpg 300w, https:\/\/okoinfo.rs\/wp-content\/uploads\/2023\/03\/03032023-2-768x512.jpg 768w\" sizes=\"auto, (max-width: 342px) 100vw, 342px\" \/><\/figure>\n\n\n\n<p class=\"has-medium-font-size\">Dve tre\u0107ine na\u0161ih ispitanika smatra da dru\u0161tvene mre\u017ee mogu <strong>pozitivno<\/strong> da uti\u010du na pona\u0161anje mladih. Evo i zbog \u010dega:<\/p>\n\n\n\n<p class=\"has-medium-font-size\">Daju priliku za socijalizaciju mladih i daju priliku da lakse razumemo svet oko na\u0161 i desavanja koja se de\u0161avaju svuda. Dobijamo I priliku da nau\u010dimo jezike sa edukativnim sadr\u017eajem koji postoji na mre\u017eama, ka\u017ee \u0161estnaestogodi\u0161nja u\u010denica gimnazije.<\/p>\n\n\n\n<blockquote class=\"wp-block-quote is-layout-flow wp-block-quote-is-layout-flow\">\n<p class=\"has-medium-font-size\"><em>Ubija dosadu, mozemo ste\u0107i nova prijateljstva na njima, mozemo da saznamo sta se i gde doga\u0111a, smatra petnaestogodi\u0161nja u\u010denica gimnazije.<\/em><\/p>\n<\/blockquote>\n\n\n\n<p class=\"has-medium-font-size\">Mladi\u0107, star 15 godina, svedo\u010di i o prakti\u010dnoj upotrebi dru\u0161tvenih mre\u017ea:<em> Na dru\u0161tvenim mrezama provodim vreme samo sa prijateljima i osobama koje znam i u svakom trenutku mogu da ih zamolim da mi pomognu nesto ili posalju ili mogu da provodim vreme sa njima putem poruka ili poziva.<\/em><\/p>\n\n\n\n<p class=\"has-medium-font-size\">Neki od njih imaju podeljeno mi\u0161ljenje, pa na pitanje da li imaju pozitivno ili negativno mi\u0161ljenje o kori\u0161\u0107enju dru\u0161tvenih mre\u017ea, ka\u017eu:<\/p>\n\n\n\n<blockquote class=\"wp-block-quote is-layout-flow wp-block-quote-is-layout-flow\">\n<p class=\"has-medium-font-size\"><em>Iskreno, i jedno i drugo. Dru\u0161tvene mre\u017ee imaju istovremeno i pozitivne ali i negativne strane. U pozitivne spadaju informisanje o svetu, sadr\u017ei razne interesantne \u010dinjenice i puno toga mo\u017ee da se nau\u010di. Tako\u0111e, korisne su za odr\u017eavanje kontakta sa ljudima sa kojima nismo u sposobnosti da razgovaramo u pravom \u017eivotu. Negativne strane su te da prekomerno koristenje dru\u0161tvenih mre\u017ea u najve\u0107im slu\u010dajevima izaziva zavisnost, uglavnom zato \u0161to poseduju neograni\u010dni sadr\u017eaj i uvek ima nekih de\u0161avanja, pa ljudi \u010desto se prezaokupiraju time i izgube pojam sa stvarno\u0161\u0107u. Tako\u0111e, specifi\u010dne mre\u017ee, kao \u0161to je na primer Instagram, mogu da izazovu nesigurnost i pad samopouzdanja uglavnom kod adolescenata, svedo\u010di na\u0161a osamnaestogodi\u0161nja sagovornica.<\/em><\/p>\n<\/blockquote>\n\n\n\n<p class=\"has-medium-font-size\">Tre\u0107a grupa, njih<strong> 40%<\/strong>, uglavnom mu\u0161kog pola, je <strong>sasvim sigurna u negativan uticaj <\/strong>dru\u0161tvenih mre\u017ea na pona\u0161anje kod mladih. Sa nama su podelili svoje razloge:<\/p>\n\n\n\n<p class=\"has-medium-font-size\">Mladi\u0107, 16 godina:<\/p>\n\n\n\n<blockquote class=\"wp-block-quote is-layout-flow wp-block-quote-is-layout-flow\">\n<p class=\"has-medium-font-size\"><em>Distrakcija od normalnog sveta i najve\u0107i uzrok lo\u0161ih ocena u \u0161koli. Svet bi bio bolji bez Marka Zuckerberga i svih ostalih koji su izmislili dru\u0161tvene mre\u017ee.<\/em><\/p>\n<\/blockquote>\n\n\n\n<figure class=\"wp-block-image aligncenter size-full\"><img loading=\"lazy\" decoding=\"async\" width=\"407\" height=\"295\" src=\"https:\/\/okoinfo.rs\/wp-content\/uploads\/2023\/03\/03032023-5.jpg\" alt=\"\" class=\"wp-image-238\" srcset=\"https:\/\/okoinfo.rs\/wp-content\/uploads\/2023\/03\/03032023-5.jpg 407w, https:\/\/okoinfo.rs\/wp-content\/uploads\/2023\/03\/03032023-5-300x217.jpg 300w\" sizes=\"auto, (max-width: 407px) 100vw, 407px\" \/><\/figure>\n\n\n\n<p class=\"has-medium-font-size\">U\u010denik gimnazije, star 15 godina smatra: <em>Drustvene mreze nas \u010dine zavisnim od telefona ali ima i pozitivne stvari kao sto su nala\u017eenje dobrih saveta za svakakve stvari u \u017eivotu.<\/em><\/p>\n\n\n\n<p class=\"has-medium-font-size\">Mladi\u0107, 17 godina na pitanje za\u0161to ima negativno mi\u0161ljenje o dru\u0161tvenim mre\u017eama ka\u017ee:<\/p>\n\n\n\n<blockquote class=\"wp-block-quote is-layout-flow wp-block-quote-is-layout-flow\">\n<p class=\"has-medium-font-size\"><em>Jer je sve oko dru\u0161tvenih mre\u017ea oti\u0161lo predaleko i jer se upotrebljavaju u vi\u0161e lo\u0161e svrhe nego u dobre.<\/em><\/p>\n<\/blockquote>\n\n\n\n<p class=\"has-medium-font-size\">Pored navedenog, neki od ispitanika bili su zabrinuti da je vreme koje provedemo na dru\u0161tvenim mre\u017eama bilo uzalud potro\u0161eno, pa i \u0161tetno.<\/p>\n\n\n\n<p class=\"has-medium-font-size\">Jedan od na\u0161ih ispitanika, u\u010denik srednje \u0161kole star 16 godina, smatra da mladi provode previ\u0161e vremena na dru\u0161tvenim mre\u017eama: <\/p>\n\n\n\n<blockquote class=\"wp-block-quote is-layout-flow wp-block-quote-is-layout-flow\">\n<p class=\"has-medium-font-size\"><em>Zauzima previ\u0161e vremena kod mladih ljudi. Optimalno vreme za u\u010denje je dok smo mladi ali pomisao na to da smo &#8220;out of date&#8221; zabrinjava neke ljude i onda se vra\u0107aju na dru\u0161tvene mre\u017ee.<\/em><\/p>\n<\/blockquote>\n\n\n\n<p class=\"has-medium-font-size\">Da svest o dru\u0161tvenoj odgovornosti i uticaju koji \u2018\u2019screen time\u2019\u2019 mo\u017ee imati na mlade osobe \u010dije se kognitivne sposobnosti tek razvijaju, ipak imaju i oni koji vode jednu od najaktulenijih dru\u0161tvenih mre\u017ea danas \u2013 TikTok, govori odluka \u010delnika ove mre\u017ee da se vreme provedeno na njoj za korisnike ispod 18 godina ograni\u010di na 60 minuta dnevno, prenosi BBC. &nbsp;<\/p>\n\n\n\n<p class=\"has-medium-font-size\">Mo\u017eemo da zaklju\u010dimo, na osnovu sprovedene ankete me\u0111u mladima uzrasta od 15 do 19 godina, <strong>mladi koriste dru\u0161tvene mre\u017ee za zabavu, informisanje i da budu u korak sa dru\u0161tvom i aktulenim doga\u0111anjima. <\/strong>Za njih su dru\u0161tvene mre\u017ee zapravo mediji, odnosno, ono \u0161to su mediji u tradicionalnm obliku bili pre nastanka dru\u0161tvenih mre\u017ea \u2013 izvor informacija, razbribrige, zabave, ali i na\u010din za edukaciju i informisanje na teme koje ih interesuju.<br>Razlika je u tome \u0161to su sada mediji dvosmerni i svako mo\u017ee da postane medij za sebe, o \u010demu svedo\u010di pojava influensera, slavnih li\u010dnosti koje svoju popularnost koriste da bi uticali na javno mnjenje ili za sticanje li\u010dne dobiti. Problem nastaje u odustvu uredni\u010dke politike i odgovornosti.<\/p>\n\n\n\n<p class=\"has-text-align-center has-large-font-size\"><strong>Da li je roditelj posredni urednik?<\/strong><\/p>\n\n\n\n<p class=\"has-text-align-center has-medium-font-size\"><strong>Treba li da imam nalog na svakoj dru\u0161tvenoj mre\u017ei na kojoj je moje dete?<br>Podr\u0161ka u realnosti \u2013 klju\u010d je za zatvorena vrata virtuelnog sveta va\u0161eg deteta<\/strong>.<\/p>\n\n\n\n<figure class=\"wp-block-image aligncenter size-full is-resized\"><img loading=\"lazy\" decoding=\"async\" src=\"https:\/\/okoinfo.rs\/wp-content\/uploads\/2023\/03\/03032023-4.jpg\" alt=\"\" class=\"wp-image-234\" width=\"300\" height=\"193\" srcset=\"https:\/\/okoinfo.rs\/wp-content\/uploads\/2023\/03\/03032023-4.jpg 964w, https:\/\/okoinfo.rs\/wp-content\/uploads\/2023\/03\/03032023-4-300x193.jpg 300w, https:\/\/okoinfo.rs\/wp-content\/uploads\/2023\/03\/03032023-4-768x495.jpg 768w\" sizes=\"auto, (max-width: 300px) 100vw, 300px\" \/><\/figure>\n\n\n\n<p class=\"has-medium-font-size\">Razgovarali smo sa roditeljima i dobili uvid u to da se trude da svoju decu upoznaju sa svime sa \u010dim mogu da se susretnu na mre\u017eama, o kojoj god da se radi, i da je va\u017eno da pravilno reaguju. Jedna od majki tinejd\u017eerke sa kojom smo razgovarali, posvedo\u010dila nam je slede\u0107e:<\/p>\n\n\n\n<blockquote class=\"wp-block-quote is-layout-flow wp-block-quote-is-layout-flow\">\n<p class=\"has-medium-font-size\"><em>Pratim svoje dete na dru\u0161tvenim mre\u017eama, pratim aktivnosti, ako ne\u0161to \u010dudno primetim, pa\u017eljivo popri\u010dam sa njom o tome.\u00a0 Smatram da treba da postoje granice koje ne bi trebalo da pre\u0111em, kao \u0161to je naprimer \u010ditanje poruka itd. Na dnevnom nivou imamo komunikaciju na dru\u0161tvenim mre\u017eama, \u00a0kao \u0161to je viber, messenger, ili Whatsapp.\u00a0 Kada nismo u mogu\u0107nosti da se \u010dujemo imam bar par sekundi da joj po\u0161aljem zagrljaj, poljubac da oseti da sam uvek tu za nju.<\/em><\/p>\n<\/blockquote>\n\n\n\n<p class=\"has-medium-font-size\">Nije bilo iznena\u0111enje \u0161to smo u istra\u017eivanju koje smo sproveli nai\u0161li na odgovore da mladi koriste mre\u017ee za koje ne znamo, kako bi komunicirali me\u0111usobno, a jedna od njih je Diskord.<br>Potreba da <strong>mladi emigriraju sa mre\u017ee na mre\u017eu<\/strong> proisti\u010de iz gorepomenute potrebe za privatno\u0161\u0107u. Sasvim je sigurno da nema potrebe da roditelj otvara nalog za nalogom kako bi ispratio sve aktivnosti svog deteta i na taj na\u010din uticao na sadr\u017eaje sa kojima ima dodir.<\/p>\n\n\n\n<p class=\"has-medium-font-size\"><strong>Prema re\u010dima psihologa, Tijane Ban, potrebna je zdrava i svakodnevna komunikacija mladih i roditelja kako bi se stvorilo poverenje i spremnost da \u010dak i, ukoliko do\u0111e do neprijatnosti na dru\u0161tveni mre\u017eama, oseti sloboda i spremnost da se sa roditeljima podeli.<\/strong><br>Tijana Ban tako\u0111e svedo\u010di da se \u010desto sre\u0107e sa roditeljima koji nemaju vremena za svoje adolescente, i da tu dolazi do raskoraka u komunikaciji i izgradnji poverenja, te adolescenti \u010desto tra\u017ee odgovore na intimna pitanja i probleme me\u0111u svojim vr\u0161njacima na internetu, pa i na dru\u0161tvenim mre\u017eama gde postoji more neproverenih ili neta\u010dnih informacija.<br>Tako\u0111e, roditeljsko pra\u0107enje naloga mo\u017ee izazvati da mladi imaju paralelne naloge na dru\u0161tvenim mre\u017eama ali i ose\u0107aj nepoverenja u njih.<\/p>\n\n\n\n<p class=\"has-medium-font-size\">Potrebna je <strong>dvosmerna komunikacija roditelja i dece.<\/strong> Potrebno je da roditelji svoje dete slu\u0161aju, a ne samo da ga \u010duju, ka\u017ee Ban.<\/p>\n\n\n\n<p class=\"has-medium-font-size\">Prema tome, podr\u0161ka u realnosti \u2013 klju\u010d je za zatvorena vrata virtuelnog sveta va\u0161eg deteta.&nbsp;<\/p>\n","protected":false},"excerpt":{"rendered":"<p>Mladi svedo\u010de: Ho\u0107e svoju privatnost, ali i podr\u0161ku van virtuelnog sveta Generacije koje danas odrastaju, odrastaju uz ure\u0111aje<\/p>\n","protected":false},"author":1,"featured_media":232,"comment_status":"open","ping_status":"open","sticky":false,"template":"","format":"standard","meta":{"footnotes":""},"categories":[8,7],"tags":[],"class_list":["post-230","post","type-post","status-publish","format-standard","has-post-thumbnail","hentry","category-drustvena-pitanja","category-drustvo"],"_links":{"self":[{"href":"https:\/\/okoinfo.rs\/index.php?rest_route=\/wp\/v2\/posts\/230","targetHints":{"allow":["GET"]}}],"collection":[{"href":"https:\/\/okoinfo.rs\/index.php?rest_route=\/wp\/v2\/posts"}],"about":[{"href":"https:\/\/okoinfo.rs\/index.php?rest_route=\/wp\/v2\/types\/post"}],"author":[{"embeddable":true,"href":"https:\/\/okoinfo.rs\/index.php?rest_route=\/wp\/v2\/users\/1"}],"replies":[{"embeddable":true,"href":"https:\/\/okoinfo.rs\/index.php?rest_route=%2Fwp%2Fv2%2Fcomments&post=230"}],"version-history":[{"count":6,"href":"https:\/\/okoinfo.rs\/index.php?rest_route=\/wp\/v2\/posts\/230\/revisions"}],"predecessor-version":[{"id":245,"href":"https:\/\/okoinfo.rs\/index.php?rest_route=\/wp\/v2\/posts\/230\/revisions\/245"}],"wp:featuredmedia":[{"embeddable":true,"href":"https:\/\/okoinfo.rs\/index.php?rest_route=\/wp\/v2\/media\/232"}],"wp:attachment":[{"href":"https:\/\/okoinfo.rs\/index.php?rest_route=%2Fwp%2Fv2%2Fmedia&parent=230"}],"wp:term":[{"taxonomy":"category","embeddable":true,"href":"https:\/\/okoinfo.rs\/index.php?rest_route=%2Fwp%2Fv2%2Fcategories&post=230"},{"taxonomy":"post_tag","embeddable":true,"href":"https:\/\/okoinfo.rs\/index.php?rest_route=%2Fwp%2Fv2%2Ftags&post=230"}],"curies":[{"name":"wp","href":"https:\/\/api.w.org\/{rel}","templated":true}]}}